{"id":15979,"date":"2019-10-09T14:24:59","date_gmt":"2019-10-09T14:24:59","guid":{"rendered":"http:\/\/www.krokodil.rs\/eng\/?p=15979"},"modified":"2019-10-09T14:25:01","modified_gmt":"2019-10-09T14:25:01","slug":"neighbors-facing-the-present-debate-in-skopje","status":"publish","type":"post","link":"https:\/\/www.krokodil.rs\/eng\/2019\/10\/neighbors-facing-the-present-debate-in-skopje\/","title":{"rendered":"NEIGHBORS FACING THE PRESENT DEBATE IN SKOPJE"},"content":{"rendered":"\n<p> The second Neighbors Facing the Present debate in Skopje took place within \u201cAnother Story\u201d literary festival, which was held from September 5 to 8 at the Youth Cultural Center in Skopje. The debate took place on the last day of the festival, September 8, at 7 pm. Participants in the debate were Ana Nedeljkovi\u0107 from Serbia, D\u00e9nes Krusovsky from Hungary, Iskra Geshoska and Rumena Bu\u017earovska from North Macedonia. The event was moderated by Vladimir Jankovski. <\/p>\n\n\n\n<div class=\"wp-block-image\"><figure class=\"aligncenter\"><img decoding=\"async\" loading=\"lazy\" width=\"650\" height=\"433\" src=\"http:\/\/www.krokodil.rs\/eng\/wp-content\/uploads\/2019\/10\/IMG_6550-650x433.jpg\" alt=\"\" class=\"wp-image-15981\" srcset=\"https:\/\/www.krokodil.rs\/eng\/wp-content\/uploads\/2019\/10\/IMG_6550-650x433.jpg 650w, https:\/\/www.krokodil.rs\/eng\/wp-content\/uploads\/2019\/10\/IMG_6550-300x200.jpg 300w, https:\/\/www.krokodil.rs\/eng\/wp-content\/uploads\/2019\/10\/IMG_6550-768x512.jpg 768w, https:\/\/www.krokodil.rs\/eng\/wp-content\/uploads\/2019\/10\/IMG_6550-700x467.jpg 700w\" sizes=\"(max-width: 650px) 100vw, 650px\" \/><\/figure><\/div>\n\n\n\n<p><\/p>\n\n\n\n<p> The event began with the screening of the film \u201cUntravel\u201d by Ana Nedeljkovi\u0107 and Nikola Majdak. Following the screening of the film, the moderator of the event gave a brief introduction to the context of the debate. As stated in the project description and press release, the context has been the changes in the political and social situation in the Western Balkan and Eastern European countries in recent years, in the background of the refugee crisis, the strengthening of the far right movements, and the growing popularity of populist political parties in Europe. The first question posed to Ana Nedeljkovi\u0107 was the question of how much she believes in the possibility that an artist\u2019s work can change the context in which she\/he creates. <\/p>\n\n\n\n<p> Ana Nedeljkovi\u0107\u2019s thesis for the active role of the artist in society was followed by Iskra Geshoska, who emphasized that rebellion and discontent is one of the key drivers of artistic and creative activity in general. For Iskra Geshoska, art has the task of creating \u201cconflict situations\u201d, in an Aristotelian sense. Conflicts that have to lead to liberation, to catharsis. For her, the artist is responsible for guiding us along such a path. Those who narrate through words and images the longing, the truth of sadness and the joy of the world necessarily take responsibility for risk and adventure in the struggle against security and comfort. Safety and comfort are imperatives of our time, of a social concept devoid of ideologies and utopias. They are the relevant visa for a successful resume. But the artist, the one who penetrates the world boldly and willingly to pass through it with open wounds must be in constant resistance. The artist is an activist, and a true activist should be a dedicated lover, which means taking risks, experimenting, offering new worlds. Artistic resistance, much like the political one, must imply love, madness, courage, uncompromising, method, knowledge, structure, longing for a better world. Passion for different forms of truth. So willing to travel alongside the underlying culture of culture, while at the same time exhausting to critically penetrate every pore of the existing and less attractive world. <\/p>\n\n\n\n<div class=\"wp-block-image\"><figure class=\"aligncenter\"><img decoding=\"async\" loading=\"lazy\" width=\"650\" height=\"433\" src=\"http:\/\/www.krokodil.rs\/eng\/wp-content\/uploads\/2019\/10\/IMG_6551-650x433.jpg\" alt=\"\" class=\"wp-image-15982\" srcset=\"https:\/\/www.krokodil.rs\/eng\/wp-content\/uploads\/2019\/10\/IMG_6551-650x433.jpg 650w, https:\/\/www.krokodil.rs\/eng\/wp-content\/uploads\/2019\/10\/IMG_6551-300x200.jpg 300w, https:\/\/www.krokodil.rs\/eng\/wp-content\/uploads\/2019\/10\/IMG_6551-768x512.jpg 768w, https:\/\/www.krokodil.rs\/eng\/wp-content\/uploads\/2019\/10\/IMG_6551-700x467.jpg 700w\" sizes=\"(max-width: 650px) 100vw, 650px\" \/><\/figure><\/div>\n\n\n\n<p> Writer Rumena Bu\u017earovska was asked about her stance on the issue of \u201cengagement in literature\u201d. In a country like Macedonia, due to the experience of the artists\u2019 connection with the concrete ideology of the former, socialist system, the engagement of the artist often had a negative tone. That negative tone came from the association of artists with the ruling ideology and their acting as a kind of apologetics of that ideology. Bu\u017earovska, who in her works is a subtle critic of contemporary Macedonian society, and her books had an open feminist thread, emphasized that the conception of engagement in art was not negative to her, but rather the opposite. She believes that critique of retrograde processes in society is crucial, and that it is very important for the artist to choose the measure in that process in order its action not to get a pamphlet dimension. <\/p>\n\n\n\n<div class=\"wp-block-image\"><figure class=\"aligncenter\"><img decoding=\"async\" loading=\"lazy\" width=\"650\" height=\"433\" src=\"http:\/\/www.krokodil.rs\/eng\/wp-content\/uploads\/2019\/10\/IMG_6588-650x433.jpg\" alt=\"\" class=\"wp-image-15983\" srcset=\"https:\/\/www.krokodil.rs\/eng\/wp-content\/uploads\/2019\/10\/IMG_6588-650x433.jpg 650w, https:\/\/www.krokodil.rs\/eng\/wp-content\/uploads\/2019\/10\/IMG_6588-300x200.jpg 300w, https:\/\/www.krokodil.rs\/eng\/wp-content\/uploads\/2019\/10\/IMG_6588-768x512.jpg 768w, https:\/\/www.krokodil.rs\/eng\/wp-content\/uploads\/2019\/10\/IMG_6588-700x467.jpg 700w\" sizes=\"(max-width: 650px) 100vw, 650px\" \/><\/figure><\/div>\n\n\n\n<p>The participation of D\u00e9nes Krusovszky, the author from Hungary, was used most to contextualize his presence to the contemporary political situation in Hungary, a country that seems to be leading the way in the negative attitude towards refugees, the migrant crisis and the growth of political populism. Krusovsky noted that he thinks the situation in Hungary is very specific in terms of artistic freedoms. While there may be no direct pressure on individual artists to act individually, the official government through its support and subsidy system is trying to influence the cultural sphere, win over a number of artists, or silence those who are more critical of it. In the end, he added, art should always be critical and problematize dominant social paradigms.<\/p>\n\n\n\n<p>Pictures of Serbian photographer Igor \u010coko were also presented during the debate.<\/p>\n\n\n\n<div class=\"wp-block-image\"><figure class=\"aligncenter is-resized\"><img decoding=\"async\" loading=\"lazy\" src=\"blob:http:\/\/www.krokodil.rs\/831ad036-bd95-49f8-bd99-6bce9ea40073\" alt=\"\" width=\"667\" height=\"444\"\/><\/figure><\/div>\n\n\n\n<p> The main aim of the project \u201cNEIGHBORS \u2013 Facing the Present\u201d is to engage authors but also other artists and intellectuals in intense debate about the present circumstances in different countries of the region (Hungary, Serbia, Macedonia) in order to influence the development of literary and arts connections, open borders, as well as to empower those that are interested in culture as such, to promote culture of dialogue, reconciliation and reconstruction of the broken links particularly in the region of the Western Balkans in relation with Central Europe and the surrounding EU-countries following the sharp rise of conservatism and the new wave of ethnic and national withdrawal and protectionism motivated by the economic crisis as well as migratory waves from the Middle East via Balkan route (Greece-Macedonia-Serbia-Hungary) towards the more politically and economically stable countries of Western Europe.\u00a0 <\/p>\n\n\n\n<p><\/p>\n","protected":false},"excerpt":{"rendered":"<p>The second Neighbors Facing the Present debate in Skopje took place within \u201cAnother Story\u201d literary festival, which was held from September 5 to 8 at the Youth Cultural Center in Skopje. The debate took place on the last day of the festival, September 8, at&#8230;<\/p>\n","protected":false},"author":1,"featured_media":15980,"comment_status":"open","ping_status":"open","sticky":false,"template":"","format":"standard","meta":{"om_disable_all_campaigns":false,"_monsterinsights_skip_tracking":false,"_monsterinsights_sitenote_active":false,"_monsterinsights_sitenote_note":"","_monsterinsights_sitenote_category":0},"categories":[4,1],"tags":[],"aioseo_notices":[],"_links":{"self":[{"href":"https:\/\/www.krokodil.rs\/eng\/wp-json\/wp\/v2\/posts\/15979"}],"collection":[{"href":"https:\/\/www.krokodil.rs\/eng\/wp-json\/wp\/v2\/posts"}],"about":[{"href":"https:\/\/www.krokodil.rs\/eng\/wp-json\/wp\/v2\/types\/post"}],"author":[{"embeddable":true,"href":"https:\/\/www.krokodil.rs\/eng\/wp-json\/wp\/v2\/users\/1"}],"replies":[{"embeddable":true,"href":"https:\/\/www.krokodil.rs\/eng\/wp-json\/wp\/v2\/comments?post=15979"}],"version-history":[{"count":2,"href":"https:\/\/www.krokodil.rs\/eng\/wp-json\/wp\/v2\/posts\/15979\/revisions"}],"predecessor-version":[{"id":15986,"href":"https:\/\/www.krokodil.rs\/eng\/wp-json\/wp\/v2\/posts\/15979\/revisions\/15986"}],"wp:featuredmedia":[{"embeddable":true,"href":"https:\/\/www.krokodil.rs\/eng\/wp-json\/wp\/v2\/media\/15980"}],"wp:attachment":[{"href":"https:\/\/www.krokodil.rs\/eng\/wp-json\/wp\/v2\/media?parent=15979"}],"wp:term":[{"taxonomy":"category","embeddable":true,"href":"https:\/\/www.krokodil.rs\/eng\/wp-json\/wp\/v2\/categories?post=15979"},{"taxonomy":"post_tag","embeddable":true,"href":"https:\/\/www.krokodil.rs\/eng\/wp-json\/wp\/v2\/tags?post=15979"}],"curies":[{"name":"wp","href":"https:\/\/api.w.org\/{rel}","templated":true}]}}