{"id":19155,"date":"2024-10-07T15:40:43","date_gmt":"2024-10-07T15:40:43","guid":{"rendered":"https:\/\/www.krokodil.rs\/eng\/?p=19155"},"modified":"2024-10-07T15:40:46","modified_gmt":"2024-10-07T15:40:46","slug":"the-conspirators-in-vienna","status":"publish","type":"post","link":"https:\/\/www.krokodil.rs\/eng\/2024\/10\/the-conspirators-in-vienna\/","title":{"rendered":"The Conspirators in Vienna"},"content":{"rendered":"\n<p><strong>Saturday, October 19th, 20h<\/strong><br><strong>Urania \u2013 Mittlerer Saal,\u00a0Uraniastra\u00dfe 1, Vienna<\/strong><br><strong>Directed by Boris Lije\u0161evi\u0107<\/strong><br><strong>Actors: Svetozar Cvetkovi\u0107, Isidora Mini\u0107, Dejan Dedi\u0107, Marko Grabe\u017e<\/strong><br><strong>Tickets:\u00a0<a href=\"https:\/\/events.eventjet.at\/e\/urotnici\/\">https:\/\/events.eventjet.at\/e\/urotnici\/<\/a><\/strong><\/p>\n\n\n\n<p><em>What to say! Everything that happened eighty years ago is happening again today. On absolutely all fronts\u2014economic, political, religious, cultural, linguistic, in sports and fashion, in general throughout the whole social field\u2014meaning also within the intimate one as well, we see fascism penetrating our small protected areas and demolishing our quite clumsily assembled fortifications.<br>In Europe, and thus in Croatia as well, there\u2019s a taboo regarding the word \u201cfascism\u201d when it comes to today\u2019s political and other phenomena. There\u2019s right-wing extremism, radical right, populism, right-wing populism, but fascism\u2026: \u201cdon\u2019t say that,\u201d \u201cwe live in a democracy!\u201d \u201cthese are peripheral, marginal phenomena, non-institutional.\u201d It\u2019s time to call all those tailings of undemocratic ideology what they truly are: fascist. They are not elements of fascism; they are fascism!<\/em><br>(Quote from the play, uttered by Da\u0161a Drndi\u0107)<\/p>\n\n\n\n<p>\u201cWhat happens when, breaking all the laws of space and time, Bogdan, Borka, Mirko, Sem, Predrag, Svetlana, Sa\u0161a, Miroslav, Da\u0161a, and Danilo meet? And what is their connection with writers whose surnames are Bogdanovi\u0107, Pavi\u0107evi\u0107, Kova\u010d, Mehmedinovi\u0107, Matvejevi\u0107, Slap\u0161ak, Hemon, Krle\u017ea, Drndi\u0107, and Ki\u0161? What conspiracy are they involved in? What action are they calling us to? Based on the texts published in the Zajedni\u010dka \u010ditaonica (The Common Library) edition, this thrilling mix of voices was created, a linguistic and artistic polyphony convincingly proving that, although today we find ourselves divided into several different countries, and many of us in diaspora, we do not consider each other strangers. For in literature, there is no need for passports or visas.<\/p>\n\n\n\n<p>The bonds that exist among all of us, based on the common social property of language as well as a great literary heritage, are much stronger than the destructive forces that have caused more harm in the past few decades than we ever could have imagined. This harm is discussed in the \u2018Conspirators\u2019, as well as a conspiracy for a different, better future. Literature holds a key place in it, because imagination is more important to us now than ever before. Readers and viewers, who speak, use, create, and breathe the common language, and to whom it solely belongs no matter where they are, are invited to the adventure, or perhaps better put, the journey of reading, discovering, understanding, and thinking. This is a testament to the tenacity of optimism and the firm belief that the connections on which the literary republic in the European South rests will continue to live on. In spite of and against all odds.\u201d<\/p>\n\n\n\n<p>The play The Conspirators is part of the Common Library project initiated and implemented by KROKODIL Association and supported by CCFD \u2013 Terre Solidaire.<br>Coproduction: My Balkans.<\/p>\n","protected":false},"excerpt":{"rendered":"<p>Saturday, October 19th, 20hUrania \u2013 Mittlerer Saal,\u00a0Uraniastra\u00dfe 1, ViennaDirected by Boris Lije\u0161evi\u0107Actors: Svetozar Cvetkovi\u0107, Isidora Mini\u0107, Dejan Dedi\u0107, Marko Grabe\u017eTickets:\u00a0https:\/\/events.eventjet.at\/e\/urotnici\/ What to say! Everything that happened eighty years ago is happening again today. On absolutely all fronts\u2014economic, political, religious, cultural, linguistic, in sports and fashion,&#8230;<\/p>\n","protected":false},"author":1,"featured_media":19156,"comment_status":"closed","ping_status":"closed","sticky":false,"template":"","format":"standard","meta":{"om_disable_all_campaigns":false,"_monsterinsights_skip_tracking":false,"_monsterinsights_sitenote_active":false,"_monsterinsights_sitenote_note":"","_monsterinsights_sitenote_category":0},"categories":[4],"tags":[],"aioseo_notices":[],"_links":{"self":[{"href":"https:\/\/www.krokodil.rs\/eng\/wp-json\/wp\/v2\/posts\/19155"}],"collection":[{"href":"https:\/\/www.krokodil.rs\/eng\/wp-json\/wp\/v2\/posts"}],"about":[{"href":"https:\/\/www.krokodil.rs\/eng\/wp-json\/wp\/v2\/types\/post"}],"author":[{"embeddable":true,"href":"https:\/\/www.krokodil.rs\/eng\/wp-json\/wp\/v2\/users\/1"}],"replies":[{"embeddable":true,"href":"https:\/\/www.krokodil.rs\/eng\/wp-json\/wp\/v2\/comments?post=19155"}],"version-history":[{"count":1,"href":"https:\/\/www.krokodil.rs\/eng\/wp-json\/wp\/v2\/posts\/19155\/revisions"}],"predecessor-version":[{"id":19157,"href":"https:\/\/www.krokodil.rs\/eng\/wp-json\/wp\/v2\/posts\/19155\/revisions\/19157"}],"wp:featuredmedia":[{"embeddable":true,"href":"https:\/\/www.krokodil.rs\/eng\/wp-json\/wp\/v2\/media\/19156"}],"wp:attachment":[{"href":"https:\/\/www.krokodil.rs\/eng\/wp-json\/wp\/v2\/media?parent=19155"}],"wp:term":[{"taxonomy":"category","embeddable":true,"href":"https:\/\/www.krokodil.rs\/eng\/wp-json\/wp\/v2\/categories?post=19155"},{"taxonomy":"post_tag","embeddable":true,"href":"https:\/\/www.krokodil.rs\/eng\/wp-json\/wp\/v2\/tags?post=19155"}],"curies":[{"name":"wp","href":"https:\/\/api.w.org\/{rel}","templated":true}]}}